{"id":5227,"date":"2025-11-13T12:05:42","date_gmt":"2025-11-13T12:05:42","guid":{"rendered":"http:\/\/www.malekysice.cz\/?p=5227"},"modified":"2025-11-13T12:05:42","modified_gmt":"2025-11-13T12:05:42","slug":"informace-z-letiste-praha-a-s-o-armadnim-cviceni-hradba-2025","status":"publish","type":"post","link":"http:\/\/www.malekysice.cz\/?p=5227","title":{"rendered":"Informace z Leti\u0161t\u011b Praha, a. s. o arm\u00e1dn\u00edm cvi\u010den\u00ed Hradba 2025"},"content":{"rendered":"\n<div class=\"wp-block-columns\">\n<div class=\"wp-block-column\" style=\"flex-basis:33.33%\">\n<figure class=\"wp-block-image size-large\"><a href=\"http:\/\/www.malekysice.cz\/wp-content\/uploads\/2025\/11\/obrazek.jpg\"><img loading=\"lazy\" width=\"1024\" height=\"576\" src=\"http:\/\/www.malekysice.cz\/wp-content\/uploads\/2025\/11\/obrazek.jpg\" alt=\"\" class=\"wp-image-5228\" srcset=\"http:\/\/www.malekysice.cz\/wp-content\/uploads\/2025\/11\/obrazek.jpg 1024w, http:\/\/www.malekysice.cz\/wp-content\/uploads\/2025\/11\/obrazek-300x169.jpg 300w, http:\/\/www.malekysice.cz\/wp-content\/uploads\/2025\/11\/obrazek-768x432.jpg 768w, http:\/\/www.malekysice.cz\/wp-content\/uploads\/2025\/11\/obrazek-140x79.jpg 140w\" sizes=\"(max-width: 1024px) 100vw, 1024px\" \/><\/a><\/figure>\n\n\n\n<figure class=\"wp-block-image size-large\"><a href=\"http:\/\/www.malekysice.cz\/wp-content\/uploads\/2025\/11\/obrazek_1.jpg\"><img loading=\"lazy\" width=\"887\" height=\"499\" src=\"http:\/\/www.malekysice.cz\/wp-content\/uploads\/2025\/11\/obrazek_1.jpg\" alt=\"\" class=\"wp-image-5229\" srcset=\"http:\/\/www.malekysice.cz\/wp-content\/uploads\/2025\/11\/obrazek_1.jpg 887w, http:\/\/www.malekysice.cz\/wp-content\/uploads\/2025\/11\/obrazek_1-300x169.jpg 300w, http:\/\/www.malekysice.cz\/wp-content\/uploads\/2025\/11\/obrazek_1-768x432.jpg 768w, http:\/\/www.malekysice.cz\/wp-content\/uploads\/2025\/11\/obrazek_1-140x79.jpg 140w\" sizes=\"(max-width: 887px) 100vw, 887px\" \/><\/a><\/figure>\n\n\n\n<figure class=\"wp-block-image size-large\"><a href=\"http:\/\/www.malekysice.cz\/wp-content\/uploads\/2025\/11\/obrazek_2-1.jpg\"><img loading=\"lazy\" width=\"887\" height=\"499\" src=\"http:\/\/www.malekysice.cz\/wp-content\/uploads\/2025\/11\/obrazek_2-1.jpg\" alt=\"\" class=\"wp-image-5230\" srcset=\"http:\/\/www.malekysice.cz\/wp-content\/uploads\/2025\/11\/obrazek_2-1.jpg 887w, http:\/\/www.malekysice.cz\/wp-content\/uploads\/2025\/11\/obrazek_2-1-300x169.jpg 300w, http:\/\/www.malekysice.cz\/wp-content\/uploads\/2025\/11\/obrazek_2-1-768x432.jpg 768w, http:\/\/www.malekysice.cz\/wp-content\/uploads\/2025\/11\/obrazek_2-1-140x79.jpg 140w\" sizes=\"(max-width: 887px) 100vw, 887px\" \/><\/a><\/figure>\n<\/div>\n\n\n\n<div class=\"wp-block-column\" style=\"flex-basis:66.66%\">\n<p><strong>V\u00a0okol\u00ed leti\u0161t\u011b bude prob\u00edhat arm\u00e1dn\u00ed cvi\u010den\u00ed Hradba 2025, a to v\u00a0term\u00ednu od 16. do 20. listopadu<\/strong>.<\/p>\n\n\n\n<p>Arm\u00e1da \u010cesk\u00e9 republiky zah\u00e1jila rozs\u00e1hl\u00e9 celorepublikov\u00e9 cvi\u010den\u00ed Hradba 2025, do kter\u00e9ho se zapoj\u00ed tis\u00edce profesion\u00e1ln\u00edch voj\u00e1k\u016f i p\u0159\u00edslu\u0161n\u00edk\u016f aktivn\u00edch z\u00e1loh teritori\u00e1ln\u00edch sil. Leti\u0161t\u011b Praha se jako provozovatel kritick\u00e9 infrastruktury st\u00e1tu k&nbsp;akci p\u0159ipoj\u00ed v term\u00ednu od 16. do 20. listopadu.<\/p>\n\n\n\n<p>Na cvi\u010den\u00ed se budou pod\u00edlet tak\u00e9 vybran\u00e9 slo\u017eky p\u016fsob\u00edc\u00ed na pra\u017esk\u00e9m leti\u0161ti, mezi kter\u00e9 pat\u0159\u00ed Hasi\u010dsk\u00fd z\u00e1chrann\u00fd sbor, St\u00e1l\u00e1 l\u00e9ka\u0159sk\u00e1 slu\u017eba, odd\u011blen\u00ed Bezpe\u010dnostn\u00edch technologi\u00ed (v\u010detn\u011b dron\u016f) a Inspektor\u00e1t cizineck\u00e9 policie Praha Ruzyn\u011b. C\u00edlem akce je prov\u011b\u0159it efektivitu spolupr\u00e1ce a schopnost rychle reagovat na p\u0159\u00edpadn\u00e9 ohro\u017een\u00ed bezpe\u010dnosti.<\/p>\n\n\n\n<p>Obyvatel\u00e9 okoln\u00edch obc\u00ed se nemus\u00ed ob\u00e1vat \u017e\u00e1dn\u00e9ho omezen\u00ed \u010di zv\u00fd\u0161en\u00e9ho hluku.&nbsp;<strong>Cvi\u010den\u00ed prob\u011bhne bez dopadu na b\u011b\u017en\u00fd \u017eivot v okol\u00ed leti\u0161t\u011b a nenaru\u0161\u00ed ka\u017edodenn\u00ed chod obc\u00ed.<\/strong><\/p>\n<\/div>\n<\/div>\n","protected":false},"excerpt":{"rendered":"<p>V\u00a0okol\u00ed leti\u0161t\u011b bude prob\u00edhat arm\u00e1dn\u00ed cvi\u010den\u00ed Hradba 2025, a to v\u00a0term\u00ednu od 16. do 20. listopadu. Arm\u00e1da \u010cesk\u00e9 republiky zah\u00e1jila rozs\u00e1hl\u00e9 celorepublikov\u00e9 cvi\u010den\u00ed Hradba 2025, do kter\u00e9ho se zapoj\u00ed tis\u00edce&hellip;<\/p>\n","protected":false},"author":1,"featured_media":0,"comment_status":"closed","ping_status":"open","sticky":false,"template":"","format":"standard","meta":[],"categories":[21],"tags":[],"_links":{"self":[{"href":"http:\/\/www.malekysice.cz\/index.php?rest_route=\/wp\/v2\/posts\/5227"}],"collection":[{"href":"http:\/\/www.malekysice.cz\/index.php?rest_route=\/wp\/v2\/posts"}],"about":[{"href":"http:\/\/www.malekysice.cz\/index.php?rest_route=\/wp\/v2\/types\/post"}],"author":[{"embeddable":true,"href":"http:\/\/www.malekysice.cz\/index.php?rest_route=\/wp\/v2\/users\/1"}],"replies":[{"embeddable":true,"href":"http:\/\/www.malekysice.cz\/index.php?rest_route=%2Fwp%2Fv2%2Fcomments&post=5227"}],"version-history":[{"count":1,"href":"http:\/\/www.malekysice.cz\/index.php?rest_route=\/wp\/v2\/posts\/5227\/revisions"}],"predecessor-version":[{"id":5231,"href":"http:\/\/www.malekysice.cz\/index.php?rest_route=\/wp\/v2\/posts\/5227\/revisions\/5231"}],"wp:attachment":[{"href":"http:\/\/www.malekysice.cz\/index.php?rest_route=%2Fwp%2Fv2%2Fmedia&parent=5227"}],"wp:term":[{"taxonomy":"category","embeddable":true,"href":"http:\/\/www.malekysice.cz\/index.php?rest_route=%2Fwp%2Fv2%2Fcategories&post=5227"},{"taxonomy":"post_tag","embeddable":true,"href":"http:\/\/www.malekysice.cz\/index.php?rest_route=%2Fwp%2Fv2%2Ftags&post=5227"}],"curies":[{"name":"wp","href":"https:\/\/api.w.org\/{rel}","templated":true}]}}