{"id":5223,"date":"2025-11-11T12:09:48","date_gmt":"2025-11-11T12:09:48","guid":{"rendered":"http:\/\/www.malekysice.cz\/?p=5223"},"modified":"2025-11-11T12:09:48","modified_gmt":"2025-11-11T12:09:48","slug":"svoz-velkoobjemoveho-nebezpecneho-a-bio-odpadu-a-dobrovolny-uklid-okoli-obce","status":"publish","type":"post","link":"http:\/\/www.malekysice.cz\/?p=5223","title":{"rendered":"Svoz velkoobjemov\u00e9ho, nebezpe\u010dn\u00e9ho a BIO odpadu a dobrovoln\u00fd \u00faklid okol\u00ed obce"},"content":{"rendered":"\n<p><strong>Svoz velkoobjemov\u00e9ho, nebezpe\u010dn\u00e9ho a BIO odpadu<\/strong> se uskute\u010dn\u00ed <strong>v sobotu 15. listopadu 2025 <\/strong>od 9.00 hodin do napln\u011bn\u00ed kontejner\u016f (nebo nejpozd\u011bji do 12.00 hodin) na maloky\u0161ick\u00e9 n\u00e1vsi v ul. M\u00edru. P\u0159i tomto svozu nen\u00ed mo\u017en\u00e9 odkl\u00e1dat stavebn\u00ed odpad!<\/p>\n\n\n\n<p>Ve stejn\u00fd den prob\u011bhne od 9.00 do 11.00 hodin <strong>dobrovoln\u00fd \u00faklid okol\u00ed obce<\/strong>. Sraz dobrovoln\u00edk\u016f je v 9.00 hodin p\u0159ed Obecn\u00edm \u00fa\u0159adem Mal\u00e9 Ky\u0161ice (M\u00edru \u010d.p. 72), kde ka\u017ed\u00fd dobrovoln\u00edk obdr\u017e\u00ed pytle, rukavice a instrukce k \u00faklidu. P\u0159i jarn\u00edm svozu odpadu byly v r\u00e1mci dobrovoln\u00e9ho \u00faklidu <strong>odstran\u011bny \u010dern\u00e9 skl\u00e1dky<\/strong> v t\u011bsn\u00e9 bl\u00edzkosti z\u00e1stavby. Od t\u00e9 doby zastupitel\u00e9 uveden\u00e1 m\u00edsta pr\u016fb\u011b\u017en\u011b sledovali. Bohu\u017eel bylo zji\u0161t\u011bno op\u011btovn\u00e9 zalo\u017een\u00ed \u010dern\u00fdch skl\u00e1dek. V\u011b\u0159\u00edme, \u017ee ten, kdo skl\u00e1dky zalo\u017eil, p\u0159ijde tak\u00e9 pomoci s jejich \u00faklidem.<\/p>\n","protected":false},"excerpt":{"rendered":"<p>Svoz velkoobjemov\u00e9ho, nebezpe\u010dn\u00e9ho a BIO odpadu se uskute\u010dn\u00ed v sobotu 15. listopadu 2025 od 9.00 hodin do napln\u011bn\u00ed kontejner\u016f (nebo nejpozd\u011bji do 12.00 hodin) na maloky\u0161ick\u00e9 n\u00e1vsi v ul. M\u00edru.&hellip;<\/p>\n","protected":false},"author":1,"featured_media":0,"comment_status":"closed","ping_status":"open","sticky":false,"template":"","format":"standard","meta":[],"categories":[21],"tags":[],"_links":{"self":[{"href":"http:\/\/www.malekysice.cz\/index.php?rest_route=\/wp\/v2\/posts\/5223"}],"collection":[{"href":"http:\/\/www.malekysice.cz\/index.php?rest_route=\/wp\/v2\/posts"}],"about":[{"href":"http:\/\/www.malekysice.cz\/index.php?rest_route=\/wp\/v2\/types\/post"}],"author":[{"embeddable":true,"href":"http:\/\/www.malekysice.cz\/index.php?rest_route=\/wp\/v2\/users\/1"}],"replies":[{"embeddable":true,"href":"http:\/\/www.malekysice.cz\/index.php?rest_route=%2Fwp%2Fv2%2Fcomments&post=5223"}],"version-history":[{"count":1,"href":"http:\/\/www.malekysice.cz\/index.php?rest_route=\/wp\/v2\/posts\/5223\/revisions"}],"predecessor-version":[{"id":5224,"href":"http:\/\/www.malekysice.cz\/index.php?rest_route=\/wp\/v2\/posts\/5223\/revisions\/5224"}],"wp:attachment":[{"href":"http:\/\/www.malekysice.cz\/index.php?rest_route=%2Fwp%2Fv2%2Fmedia&parent=5223"}],"wp:term":[{"taxonomy":"category","embeddable":true,"href":"http:\/\/www.malekysice.cz\/index.php?rest_route=%2Fwp%2Fv2%2Fcategories&post=5223"},{"taxonomy":"post_tag","embeddable":true,"href":"http:\/\/www.malekysice.cz\/index.php?rest_route=%2Fwp%2Fv2%2Ftags&post=5223"}],"curies":[{"name":"wp","href":"https:\/\/api.w.org\/{rel}","templated":true}]}}